{"id":861,"date":"2017-09-16T14:27:28","date_gmt":"2017-09-16T14:27:28","guid":{"rendered":"https:\/\/desociales.es\/?p=861"},"modified":"2017-09-16T14:27:28","modified_gmt":"2017-09-16T14:27:28","slug":"patrimonio-1o-bach-ud-introductoria","status":"publish","type":"post","link":"https:\/\/desociales.es\/?p=861","title":{"rendered":"Patrimonio 1\u00ba Bach &#8211; UD INTRODUCTORIA"},"content":{"rendered":"<p><strong>PRESENTACI\u00d3N INTRODUCCI\u00d3N AL PATRIMONIO<\/strong><br \/>\n[slideshare id=66274214&amp;doc=patrimonioculturalclasepresentacion-160921200525]<br \/>\n[slideshare id=9255784&amp;doc=ponenciamarcojurdicodeprotecciondelosbienesdeinteresculturall-110914090555-phpapp01]<br \/>\n&nbsp;<br \/>\n<strong>PRESENTACI\u00d3N INTRODUCCI\u00d3N AL ARTE<\/strong><br \/>\n[slideshare id=66226868&amp;doc=introduccion-160920183204]<br \/>\n[slideshare id=79690510&amp;doc=unidadintroduccinhistoriadelarte-170912164403]<br \/>\n&nbsp;<br \/>\n<strong>V\u00cdDEOS<\/strong><br \/>\n<iframe loading=\"lazy\" title=\"Real Club Recreativo de Huelva, El decano se convierte en (BIC) Bien de Inter\u00e9s Cultural\" width=\"640\" height=\"360\" src=\"https:\/\/www.youtube.com\/embed\/5tAJBz-ZmwY?feature=oembed\" frameborder=\"0\" allow=\"accelerometer; autoplay; clipboard-write; encrypted-media; gyroscope; picture-in-picture; web-share\" referrerpolicy=\"strict-origin-when-cross-origin\" allowfullscreen><\/iframe><br \/>\nEl Recreativo de Huelva se convierte en BIC<br \/>\n<iframe loading=\"lazy\" title=\"PATRIMONIO CULTURAL ANDALUZ\" width=\"640\" height=\"360\" src=\"https:\/\/www.youtube.com\/embed\/5orhW_W7TcI?feature=oembed\" frameborder=\"0\" allow=\"accelerometer; autoplay; clipboard-write; encrypted-media; gyroscope; picture-in-picture; web-share\" referrerpolicy=\"strict-origin-when-cross-origin\" allowfullscreen><\/iframe><br \/>\nPatrimonio de Andaluc\u00eda<br \/>\n<iframe loading=\"lazy\" title=\"Escudo franquista en la fachada del Rectorado\" width=\"640\" height=\"360\" src=\"https:\/\/www.youtube.com\/embed\/9fpAO8WpJ8I?feature=oembed\" frameborder=\"0\" allow=\"accelerometer; autoplay; clipboard-write; encrypted-media; gyroscope; picture-in-picture; web-share\" referrerpolicy=\"strict-origin-when-cross-origin\" allowfullscreen><\/iframe><br \/>\nRetirada escudo franquista del Rectorado de Sevilla<br \/>\n&nbsp;<br \/>\n<strong>ENLACES<\/strong><br \/>\n<a href=\"http:\/\/www.diariodesevilla.es\/sevilla\/Juego-de-Tronos-desentierra-Italica_0_1168983751.html\">Juego de Tronos desentierra It\u00e1lica<\/a><br \/>\n<a href=\"http:\/\/granadaimedia.com\/restos-arqueologicos-ciudad-deportiva-granada-cf\/\">Restos arqueol\u00f3gicos en la Ciudad Deportiva del Granada<\/a><br \/>\n&nbsp;<br \/>\nIM\u00c1GENES<br \/>\n[ngg_images source=\u00bbgalleries\u00bb container_ids=\u00bb11&#8243; display_type=\u00bbphotocrati-nextgen_basic_thumbnails\u00bb override_thumbnail_settings=\u00bb0&#8243; thumbnail_width=\u00bb240&#8243; thumbnail_height=\u00bb160&#8243; thumbnail_crop=\u00bb1&#8243; images_per_page=\u00bb20&#8243; number_of_columns=\u00bb0&#8243; ajax_pagination=\u00bb0&#8243; show_all_in_lightbox=\u00bb0&#8243; use_imagebrowser_effect=\u00bb0&#8243; show_slideshow_link=\u00bb1&#8243; slideshow_link_text=\u00bb[Show slideshow]\u00bb order_by=\u00bbsortorder\u00bb order_direction=\u00bbASC\u00bb returns=\u00bbincluded\u00bb maximum_entity_count=\u00bb500&#8243;]<\/p>\n","protected":false},"excerpt":{"rendered":"<p>PRESENTACI\u00d3N INTRODUCCI\u00d3N AL PATRIMONIO [slideshare id=66274214&amp;doc=patrimonioculturalclasepresentacion-160921200525] [slideshare id=9255784&amp;doc=ponenciamarcojurdicodeprotecciondelosbienesdeinteresculturall-110914090555-phpapp01] &nbsp; PRESENTACI\u00d3N INTRODUCCI\u00d3N AL ARTE [slideshare id=66226868&amp;doc=introduccion-160920183204] [slideshare id=79690510&amp;doc=unidadintroduccinhistoriadelarte-170912164403] &nbsp; V\u00cdDEOS El Recreativo de Huelva se convierte en BIC Patrimonio de Andaluc\u00eda Retirada escudo franquista del Rectorado de Sevilla &nbsp; ENLACES Juego de Tronos desentierra It\u00e1lica Restos arqueol\u00f3gicos en la Ciudad Deportiva del Granada &nbsp; IM\u00c1GENES [ngg_images [&hellip;]<\/p>\n","protected":false},"author":1,"featured_media":724,"comment_status":"open","ping_status":"open","sticky":false,"template":"","format":"standard","meta":{"footnotes":""},"categories":[21],"tags":[],"class_list":["post-861","post","type-post","status-publish","format-standard","has-post-thumbnail","hentry","category-patrimonio-1o-bach"],"_links":{"self":[{"href":"https:\/\/desociales.es\/index.php?rest_route=\/wp\/v2\/posts\/861","targetHints":{"allow":["GET"]}}],"collection":[{"href":"https:\/\/desociales.es\/index.php?rest_route=\/wp\/v2\/posts"}],"about":[{"href":"https:\/\/desociales.es\/index.php?rest_route=\/wp\/v2\/types\/post"}],"author":[{"embeddable":true,"href":"https:\/\/desociales.es\/index.php?rest_route=\/wp\/v2\/users\/1"}],"replies":[{"embeddable":true,"href":"https:\/\/desociales.es\/index.php?rest_route=%2Fwp%2Fv2%2Fcomments&post=861"}],"version-history":[{"count":0,"href":"https:\/\/desociales.es\/index.php?rest_route=\/wp\/v2\/posts\/861\/revisions"}],"wp:featuredmedia":[{"embeddable":true,"href":"https:\/\/desociales.es\/index.php?rest_route=\/wp\/v2\/media\/724"}],"wp:attachment":[{"href":"https:\/\/desociales.es\/index.php?rest_route=%2Fwp%2Fv2%2Fmedia&parent=861"}],"wp:term":[{"taxonomy":"category","embeddable":true,"href":"https:\/\/desociales.es\/index.php?rest_route=%2Fwp%2Fv2%2Fcategories&post=861"},{"taxonomy":"post_tag","embeddable":true,"href":"https:\/\/desociales.es\/index.php?rest_route=%2Fwp%2Fv2%2Ftags&post=861"}],"curies":[{"name":"wp","href":"https:\/\/api.w.org\/{rel}","templated":true}]}}