{"id":1791,"date":"2019-02-20T17:06:14","date_gmt":"2019-02-20T17:06:14","guid":{"rendered":"https:\/\/desociales.es\/?p=1791"},"modified":"2021-11-23T17:45:22","modified_gmt":"2021-11-23T16:45:22","slug":"nomofobia-adiccion-al-movil","status":"publish","type":"post","link":"https:\/\/desociales.es\/?p=1791","title":{"rendered":"Nomofobia (adicci\u00f3n al m\u00f3vil)"},"content":{"rendered":"\n<figure class=\"wp-block-embed is-type-video is-provider-youtube wp-block-embed-youtube wp-embed-aspect-16-9 wp-has-aspect-ratio\"><div class=\"wp-block-embed__wrapper\">\n<iframe loading=\"lazy\" title=\"Nomofobia en adolescentes, la \u00faltima adicci\u00f3n del siglo XXI\" width=\"640\" height=\"360\" src=\"https:\/\/www.youtube.com\/embed\/6SC179d4_ws?feature=oembed\" frameborder=\"0\" allow=\"accelerometer; autoplay; clipboard-write; encrypted-media; gyroscope; picture-in-picture; web-share\" referrerpolicy=\"strict-origin-when-cross-origin\" allowfullscreen><\/iframe>\n<\/div><\/figure>\n\n\n\n<figure class=\"wp-block-embed is-type-video is-provider-youtube wp-block-embed-youtube wp-embed-aspect-16-9 wp-has-aspect-ratio\"><div class=\"wp-block-embed__wrapper\">\n<iframe loading=\"lazy\" title=\"Adicci\u00f3n al m\u00f3vil |Campa\u00f1a de concienciaci\u00f3n\" width=\"640\" height=\"360\" src=\"https:\/\/www.youtube.com\/embed\/Wo2O9cX8S2A?feature=oembed\" frameborder=\"0\" allow=\"accelerometer; autoplay; clipboard-write; encrypted-media; gyroscope; picture-in-picture; web-share\" referrerpolicy=\"strict-origin-when-cross-origin\" allowfullscreen><\/iframe>\n<\/div><\/figure>\n\n\n\n<figure class=\"wp-block-embed is-type-video is-provider-vimeo wp-block-embed-vimeo wp-embed-aspect-16-9 wp-has-aspect-ratio\"><div class=\"wp-block-embed__wrapper\">\n<iframe loading=\"lazy\" title=\"14 DIAS. CORTOMETRAJE . SUB ENGLISH.\" src=\"https:\/\/player.vimeo.com\/video\/333151358?dnt=1&amp;app_id=122963\" width=\"640\" height=\"360\" frameborder=\"0\" allow=\"autoplay; fullscreen; picture-in-picture; clipboard-write\"><\/iframe>\n<\/div><\/figure>\n\n\n\n<figure class=\"wp-block-embed is-type-video is-provider-youtube wp-block-embed-youtube wp-embed-aspect-16-9 wp-has-aspect-ratio\"><div class=\"wp-block-embed__wrapper\">\n<iframe loading=\"lazy\" title=\"Campa\u00f1a DGT Muerto (75\u201d) #VivoMuerto\" width=\"640\" height=\"360\" src=\"https:\/\/www.youtube.com\/embed\/2ygh0pH2PGY?feature=oembed\" frameborder=\"0\" allow=\"accelerometer; autoplay; clipboard-write; encrypted-media; gyroscope; picture-in-picture; web-share\" referrerpolicy=\"strict-origin-when-cross-origin\" allowfullscreen><\/iframe>\n<\/div><\/figure>\n\n\n\n<figure class=\"wp-block-embed is-type-video is-provider-youtube wp-block-embed-youtube wp-embed-aspect-16-9 wp-has-aspect-ratio\"><div class=\"wp-block-embed__wrapper\">\n<iframe loading=\"lazy\" title=\"Si miras el m\u00f3vil de vez en cuando solo ves la carretera de vez en cuando\" width=\"640\" height=\"360\" src=\"https:\/\/www.youtube.com\/embed\/U1p6RpzdHMM?feature=oembed\" frameborder=\"0\" allow=\"accelerometer; autoplay; clipboard-write; encrypted-media; gyroscope; picture-in-picture; web-share\" referrerpolicy=\"strict-origin-when-cross-origin\" allowfullscreen><\/iframe>\n<\/div><\/figure>\n\n\n\n<figure class=\"wp-block-embed is-type-video is-provider-youtube wp-block-embed-youtube wp-embed-aspect-16-9 wp-has-aspect-ratio\"><div class=\"wp-block-embed__wrapper\">\n<iframe loading=\"lazy\" title=\"T\u00fa sabes hacerlo. Al volante, pasa del m\u00f3vil\" width=\"640\" height=\"360\" src=\"https:\/\/www.youtube.com\/embed\/57dejj6fyCs?feature=oembed\" frameborder=\"0\" allow=\"accelerometer; autoplay; clipboard-write; encrypted-media; gyroscope; picture-in-picture; web-share\" referrerpolicy=\"strict-origin-when-cross-origin\" allowfullscreen><\/iframe>\n<\/div><\/figure>\n\n\n\n<p>ENLACES \u00daTILES<\/p>\n\n\n\n<p><a href=\"https:\/\/fundacionaprenderamirar.wordpress.com\/2018\/03\/09\/eres-capaz-desconectar\/\" data-type=\"URL\" data-id=\"https:\/\/fundacionaprenderamirar.wordpress.com\/2018\/03\/09\/eres-capaz-desconectar\/\" target=\"_blank\" rel=\"noreferrer noopener\">\u00bfEres capaz de desconectar?<\/a><\/p>\n\n\n\n<p><br><\/p>\n\n\n\n<p><br><br><br><br>&nbsp;<\/p>\n","protected":false},"excerpt":{"rendered":"<p>ENLACES \u00daTILES \u00bfEres capaz de desconectar? &nbsp;<\/p>\n","protected":false},"author":1,"featured_media":3178,"comment_status":"open","ping_status":"open","sticky":true,"template":"","format":"standard","meta":{"footnotes":""},"categories":[24,25],"tags":[],"class_list":["post-1791","post","type-post","status-publish","format-standard","has-post-thumbnail","hentry","category-temas-transversales","category-tutorias"],"_links":{"self":[{"href":"https:\/\/desociales.es\/index.php?rest_route=\/wp\/v2\/posts\/1791","targetHints":{"allow":["GET"]}}],"collection":[{"href":"https:\/\/desociales.es\/index.php?rest_route=\/wp\/v2\/posts"}],"about":[{"href":"https:\/\/desociales.es\/index.php?rest_route=\/wp\/v2\/types\/post"}],"author":[{"embeddable":true,"href":"https:\/\/desociales.es\/index.php?rest_route=\/wp\/v2\/users\/1"}],"replies":[{"embeddable":true,"href":"https:\/\/desociales.es\/index.php?rest_route=%2Fwp%2Fv2%2Fcomments&post=1791"}],"version-history":[{"count":3,"href":"https:\/\/desociales.es\/index.php?rest_route=\/wp\/v2\/posts\/1791\/revisions"}],"predecessor-version":[{"id":3251,"href":"https:\/\/desociales.es\/index.php?rest_route=\/wp\/v2\/posts\/1791\/revisions\/3251"}],"wp:featuredmedia":[{"embeddable":true,"href":"https:\/\/desociales.es\/index.php?rest_route=\/wp\/v2\/media\/3178"}],"wp:attachment":[{"href":"https:\/\/desociales.es\/index.php?rest_route=%2Fwp%2Fv2%2Fmedia&parent=1791"}],"wp:term":[{"taxonomy":"category","embeddable":true,"href":"https:\/\/desociales.es\/index.php?rest_route=%2Fwp%2Fv2%2Fcategories&post=1791"},{"taxonomy":"post_tag","embeddable":true,"href":"https:\/\/desociales.es\/index.php?rest_route=%2Fwp%2Fv2%2Ftags&post=1791"}],"curies":[{"name":"wp","href":"https:\/\/api.w.org\/{rel}","templated":true}]}}